{"id":1480,"date":"2022-06-24T21:48:00","date_gmt":"2022-06-24T21:48:00","guid":{"rendered":"https:\/\/www.dvgbund.de\/?p=1480"},"modified":"2023-11-11T22:47:04","modified_gmt":"2023-11-11T22:47:04","slug":"tarifseminar-ein-toller-erfolg","status":"publish","type":"post","link":"https:\/\/www.dvgbund.de\/?p=1480","title":{"rendered":"Tarifseminar ein toller Erfolg!"},"content":{"rendered":"\n<p class=\"has-text-align-left\">Die Tarifkommission traf sich vom 19.06. bis 21.06.2022 zum j\u00e4hrlichen Seminar in K\u00f6nigswinter. Wie immer standen die Themen Tarifabschluss und Aussichten der n\u00e4chsten Verhandlungen im Fokus. Joachim Johannes, als Vorsitzender der TK der DVG und Mitglied der Verhandlungsgruppe, berichtete vom Ablauf der Verhandlungen und unter welchen Voraussetzungen es zu einer Einigung kam. Wie die Teilnehmer, so ist auch Johannes unzufrieden mit dem Ergebnis! In einer offenen Diskussion wurde das Ergebnis analysiert und durch die fehlende lineare Erh\u00f6hung f\u00fcr die ersten Monate als Problematisch erachtet, wegen der fehlenden Nachhaltigkeit in den n\u00e4chsten Jahren. Durch die jetzige Inflation wird diese lineare Erh\u00f6hung zus\u00e4tzlich verst\u00e4rkt. Auch die fehlende Erh\u00f6hung f\u00fcr die Versorgungsempf\u00e4nger sahen die Teilnehmer sehr kritisch.<\/p>\n\n\n\n<figure class=\"wp-block-image size-large is-resized\"><img loading=\"lazy\" decoding=\"async\" src=\"https:\/\/www.dvgbund.de\/wp-content\/uploads\/2022\/06\/IMG-20220620-WA0002-1024x768.jpg\" alt=\"\" class=\"wp-image-1481\" width=\"436\" height=\"326\" srcset=\"https:\/\/www.dvgbund.de\/wp-content\/uploads\/2022\/06\/IMG-20220620-WA0002-1024x768.jpg 1024w, https:\/\/www.dvgbund.de\/wp-content\/uploads\/2022\/06\/IMG-20220620-WA0002-300x225.jpg 300w, https:\/\/www.dvgbund.de\/wp-content\/uploads\/2022\/06\/IMG-20220620-WA0002-768x576.jpg 768w, https:\/\/www.dvgbund.de\/wp-content\/uploads\/2022\/06\/IMG-20220620-WA0002-1536x1152.jpg 1536w, https:\/\/www.dvgbund.de\/wp-content\/uploads\/2022\/06\/IMG-20220620-WA0002.jpg 1822w\" sizes=\"auto, (max-width: 436px) 100vw, 436px\" \/><\/figure>\n\n\n\n<p>Der Vorsitzende der TK Johannes legte vielfach dar, wie wichtig es ist bei Tarifverhandlungen durch Demos, Aktionen und Kundgebungen Druck aufzubauen, um den Arbeitgebern Bereitschaft zu zeigen f\u00fcr unsere Forderungen einzustehen. Daf\u00fcr m\u00fcssen alle Besch\u00e4ftigten, Beamte und Beamtinnen und Versorgungsempf\u00e4nger an solchen Aktionen teilnehmen. Nur durch diese Solidarit\u00e4t ist ein guter Abschluss f\u00fcr alle im \u00f6ffentlichen Dienst realisierbar.<\/p>\n\n\n\n<p>Eine Besonderheit innerhalb der Tarifverhandlungen stellen die Verhandlungen zum TV-H dar. Zum ersten Mal wurden diese Verhandlungen vor den Tarifverhandlungen zum TV-L abgeschlossen. Die Teilnehmer analysierten auch diesen Abschluss, der ein deutliches Plus gegen\u00fcber dem Abschluss des  TV-L darstellt.<\/p>\n\n\n\n<p>Neben dem Thema Tarifabschluss wurde als weitere Themen das Tarifeinheitsgesetz (TEG) und der zentrale Streitpunkt &#8222;Arbeitsvorgang&#8220; der letzten Tarifverhandlungen behandelt. Die TK konnte als Dozent f\u00fcr diese Themen Ulrich Hohndorf, Leiter des Gesch\u00e4ftsbereich Tarif beim dbb, gewinnen. Als Kenner der Materie stellte Hohndorf die wichtigsten Punkte dieser Bereiche und die Schwierigkeiten bei der Umsetzung heraus. Nat\u00fcrlich spielt das Thema Arbeitsvorgang wahrscheinlich in der kommenden Tarifrunde, die im Oktober 2023 stattfindet, wieder eine wichtige Rolle. Weswegen Hohndorf, wie auch Johannes vorher, klarstellt, wie wichtig die solidarische Teilnahme an Aktionen des dbb ist und diese Auswirkungen auf den Tarifabschluss und somit auch indirekt auf die Besoldungen der L\u00e4nder.<\/p>\n\n\n\n<p>Zusammenfassend kann man sagen, und dies war auch die einhellige Meinung der Teilnehmer, ein rundum gelungenes Seminar mit vielen Informationen f\u00fcr die Arbeit in der DVG und ihren Mitgliedsgewerkschaften.<\/p>\n","protected":false},"excerpt":{"rendered":"<p>Die Tarifkommission traf sich vom 19.06. bis 21.06.2022 zum j\u00e4hrlichen Seminar in K\u00f6nigswinter. Wie immer standen die Themen Tarifabschluss und Aussichten der n\u00e4chsten Verhandlungen im Fokus. Joachim Johannes, als Vorsitzender der TK der DVG und Mitglied der Verhandlungsgruppe, berichtete vom Ablauf der Verhandlungen und unter welchen Voraussetzungen es zu einer Einigung kam. Wie die Teilnehmer, &#8230; <a title=\"Tarifseminar ein toller Erfolg!\" class=\"read-more\" href=\"https:\/\/www.dvgbund.de\/?p=1480\" aria-label=\"Mehr Informationen \u00fcber Tarifseminar ein toller Erfolg!\">Weiterlesen<\/a><\/p>\n","protected":false},"author":41,"featured_media":0,"comment_status":"closed","ping_status":"closed","sticky":false,"template":"","format":"standard","meta":{"_mi_skip_tracking":false,"_monsterinsights_sitenote_active":false,"_monsterinsights_sitenote_note":"","_monsterinsights_sitenote_category":0,"footnotes":""},"categories":[3,10,5],"tags":[88,87,86],"class_list":["post-1480","post","type-post","status-publish","format-standard","hentry","category-neuigkeiten","category-tarif","category-tarifkommission","tag-joachim-johannes","tag-seminar","tag-tarif"],"aioseo_notices":[],"_links":{"self":[{"href":"https:\/\/www.dvgbund.de\/index.php?rest_route=\/wp\/v2\/posts\/1480","targetHints":{"allow":["GET"]}}],"collection":[{"href":"https:\/\/www.dvgbund.de\/index.php?rest_route=\/wp\/v2\/posts"}],"about":[{"href":"https:\/\/www.dvgbund.de\/index.php?rest_route=\/wp\/v2\/types\/post"}],"author":[{"embeddable":true,"href":"https:\/\/www.dvgbund.de\/index.php?rest_route=\/wp\/v2\/users\/41"}],"replies":[{"embeddable":true,"href":"https:\/\/www.dvgbund.de\/index.php?rest_route=%2Fwp%2Fv2%2Fcomments&post=1480"}],"version-history":[{"count":1,"href":"https:\/\/www.dvgbund.de\/index.php?rest_route=\/wp\/v2\/posts\/1480\/revisions"}],"predecessor-version":[{"id":1482,"href":"https:\/\/www.dvgbund.de\/index.php?rest_route=\/wp\/v2\/posts\/1480\/revisions\/1482"}],"wp:attachment":[{"href":"https:\/\/www.dvgbund.de\/index.php?rest_route=%2Fwp%2Fv2%2Fmedia&parent=1480"}],"wp:term":[{"taxonomy":"category","embeddable":true,"href":"https:\/\/www.dvgbund.de\/index.php?rest_route=%2Fwp%2Fv2%2Fcategories&post=1480"},{"taxonomy":"post_tag","embeddable":true,"href":"https:\/\/www.dvgbund.de\/index.php?rest_route=%2Fwp%2Fv2%2Ftags&post=1480"}],"curies":[{"name":"wp","href":"https:\/\/api.w.org\/{rel}","templated":true}]}}