{"id":1491,"date":"2022-10-30T22:12:15","date_gmt":"2022-10-30T22:12:15","guid":{"rendered":"https:\/\/www.dvgbund.de\/?p=1491"},"modified":"2023-11-11T22:45:57","modified_gmt":"2023-11-11T22:45:57","slug":"dvg-bundeshauptvorstand-tagte-am-28-und-29-oktober-2022","status":"publish","type":"post","link":"https:\/\/www.dvgbund.de\/?p=1491","title":{"rendered":"DVG Bundeshauptvorstand tagte am 28. und 29. Oktober 2022"},"content":{"rendered":"\n<p>Der DVG Bundeshauptvorstand kam am 28. und 29. Oktober 2022 in Neustadt an der Weinstra\u00dfe zu seiner Herbstsitzung zusammen. <\/p>\n\n\n\n<p>Auf seiner Herbstsitzung hatte der DVG Bundeshauptvorstand eine umfangreiche Tagesordnung zu bew\u00e4ltigen. <\/p>\n\n\n\n<p>Im Mittelpunkt stand die erforderlich gewordene Neuwahl des Bundesvorsitzenden. Hierf\u00fcr kandidierte Joachim Johannes von der DVG Saar. Die Mitglieder des Bundeshauptvorstandes w\u00e4hlten Joachim Johannes einstimmig zum neuen Bundesvorsitzenden.<\/p>\n\n\n\n<p>Der bisherige Bundesvorsitzende Ulrich Stock wurde herzlich verabschiedet, er wendet sich neuen Aufgaben als Landesvorsitzender des dbb sachsen-anhalt zu.<\/p>\n\n\n\n<p>Weiter befassten sich die Mitglieder des Bundeshauptvorstandes mit dem Haushaltsplanentwurf f\u00fcr das Haushaltsjahr 2023.<\/p>\n\n\n\n<p>Die Fr\u00fchjahrssitzung des Bundeshauptvorstandes wird am 14. und 15. April 2023 in Fulda stattfinden. <\/p>\n\n\n\n<p><\/p>\n","protected":false},"excerpt":{"rendered":"<p>Der DVG Bundeshauptvorstand kam am 28. und 29. Oktober 2022 in Neustadt an der Weinstra\u00dfe zu seiner Herbstsitzung zusammen. Auf seiner Herbstsitzung hatte der DVG Bundeshauptvorstand eine umfangreiche Tagesordnung zu bew\u00e4ltigen. Im Mittelpunkt stand die erforderlich gewordene Neuwahl des Bundesvorsitzenden. Hierf\u00fcr kandidierte Joachim Johannes von der DVG Saar. Die Mitglieder des Bundeshauptvorstandes w\u00e4hlten Joachim Johannes &#8230; <a title=\"DVG Bundeshauptvorstand tagte am 28. und 29. Oktober 2022\" class=\"read-more\" href=\"https:\/\/www.dvgbund.de\/?p=1491\" aria-label=\"Mehr Informationen \u00fcber DVG Bundeshauptvorstand tagte am 28. und 29. Oktober 2022\">Weiterlesen<\/a><\/p>\n","protected":false},"author":2,"featured_media":0,"comment_status":"closed","ping_status":"closed","sticky":false,"template":"","format":"standard","meta":{"_mi_skip_tracking":false,"_monsterinsights_sitenote_active":false,"_monsterinsights_sitenote_note":"","_monsterinsights_sitenote_category":0,"footnotes":""},"categories":[3],"tags":[],"class_list":["post-1491","post","type-post","status-publish","format-standard","hentry","category-neuigkeiten"],"aioseo_notices":[],"_links":{"self":[{"href":"https:\/\/www.dvgbund.de\/index.php?rest_route=\/wp\/v2\/posts\/1491","targetHints":{"allow":["GET"]}}],"collection":[{"href":"https:\/\/www.dvgbund.de\/index.php?rest_route=\/wp\/v2\/posts"}],"about":[{"href":"https:\/\/www.dvgbund.de\/index.php?rest_route=\/wp\/v2\/types\/post"}],"author":[{"embeddable":true,"href":"https:\/\/www.dvgbund.de\/index.php?rest_route=\/wp\/v2\/users\/2"}],"replies":[{"embeddable":true,"href":"https:\/\/www.dvgbund.de\/index.php?rest_route=%2Fwp%2Fv2%2Fcomments&post=1491"}],"version-history":[{"count":1,"href":"https:\/\/www.dvgbund.de\/index.php?rest_route=\/wp\/v2\/posts\/1491\/revisions"}],"predecessor-version":[{"id":1492,"href":"https:\/\/www.dvgbund.de\/index.php?rest_route=\/wp\/v2\/posts\/1491\/revisions\/1492"}],"wp:attachment":[{"href":"https:\/\/www.dvgbund.de\/index.php?rest_route=%2Fwp%2Fv2%2Fmedia&parent=1491"}],"wp:term":[{"taxonomy":"category","embeddable":true,"href":"https:\/\/www.dvgbund.de\/index.php?rest_route=%2Fwp%2Fv2%2Fcategories&post=1491"},{"taxonomy":"post_tag","embeddable":true,"href":"https:\/\/www.dvgbund.de\/index.php?rest_route=%2Fwp%2Fv2%2Ftags&post=1491"}],"curies":[{"name":"wp","href":"https:\/\/api.w.org\/{rel}","templated":true}]}}