{"id":1546,"date":"2022-05-27T22:39:00","date_gmt":"2022-05-27T22:39:00","guid":{"rendered":"https:\/\/www.dvgbund.de\/?p=1546"},"modified":"2023-12-26T12:07:45","modified_gmt":"2023-12-26T12:07:45","slug":"dvg-bayern-landesvorsitzender-reiner-meier-im-gespraech-mit-ministerpraesident-dr-markus-soeder","status":"publish","type":"post","link":"https:\/\/www.dvgbund.de\/?p=1546","title":{"rendered":"DVG Bayern- Landesvorsitzender Reiner Meier im Gespr\u00e4ch mit Ministerpr\u00e4sident Dr. Markus S\u00f6der"},"content":{"rendered":"\n<p><\/p>\n\n\n\n<p>S\u00f6der gratulierte am 7. Mai 2022 dem neu gew\u00e4hlten Landesvorsitzenden und w\u00fcnschte den Erfolg f\u00fcr seinen Einsatz f\u00fcr die Besch\u00e4ftigten des \u00d6ffentlichen Dienstes in Bayern.<\/p>\n\n\n\n<p>Er hob die Leistungsf\u00e4higkeit besonders in schwierigen Zeiten, wie der Corona Pandemie hervor und dankte den Besch\u00e4ftigten f\u00fcr ihren aussergew\u00f6hnlichen und zus\u00e4tzlichen Leistungen f\u00fcr die Menschen in Bayern. Er wolle auch in Zukunft mit der Interessenvertretung DVG Bayern eng zusammenarbeiten. Es wurden weitere Gespr\u00e4che mit den Resortministern Bayerns vereinbart. Auf den \u00d6ffentlichen Dienst in Bayern ist Verlass, so der Ministerpr\u00e4sident abschlie\u00dfend.<\/p>\n\n\n\n<p>Bild: Treffen mit dem Bayer. Ministerpr\u00e4sidenten Dr. Markus S\u00f6der und Landesvorsitzender DVG Bayern , Reiner Meier. Bildrechte: DVG Bund <\/p>\n","protected":false},"excerpt":{"rendered":"<p>S\u00f6der gratulierte am 7. Mai 2022 dem neu gew\u00e4hlten Landesvorsitzenden und w\u00fcnschte den Erfolg f\u00fcr seinen Einsatz f\u00fcr die Besch\u00e4ftigten des \u00d6ffentlichen Dienstes in Bayern. Er hob die Leistungsf\u00e4higkeit besonders in schwierigen Zeiten, wie der Corona Pandemie hervor und dankte den Besch\u00e4ftigten f\u00fcr ihren aussergew\u00f6hnlichen und zus\u00e4tzlichen Leistungen f\u00fcr die Menschen in Bayern. Er wolle &#8230; <a title=\"DVG Bayern- Landesvorsitzender Reiner Meier im Gespr\u00e4ch mit Ministerpr\u00e4sident Dr. Markus S\u00f6der\" class=\"read-more\" href=\"https:\/\/www.dvgbund.de\/?p=1546\" aria-label=\"Mehr Informationen \u00fcber DVG Bayern- Landesvorsitzender Reiner Meier im Gespr\u00e4ch mit Ministerpr\u00e4sident Dr. Markus S\u00f6der\">Weiterlesen<\/a><\/p>\n","protected":false},"author":2,"featured_media":1547,"comment_status":"closed","ping_status":"closed","sticky":false,"template":"","format":"standard","meta":{"_mi_skip_tracking":false,"_monsterinsights_sitenote_active":false,"_monsterinsights_sitenote_note":"","_monsterinsights_sitenote_category":0,"footnotes":""},"categories":[3],"tags":[],"class_list":["post-1546","post","type-post","status-publish","format-standard","has-post-thumbnail","hentry","category-neuigkeiten"],"aioseo_notices":[],"_links":{"self":[{"href":"https:\/\/www.dvgbund.de\/index.php?rest_route=\/wp\/v2\/posts\/1546","targetHints":{"allow":["GET"]}}],"collection":[{"href":"https:\/\/www.dvgbund.de\/index.php?rest_route=\/wp\/v2\/posts"}],"about":[{"href":"https:\/\/www.dvgbund.de\/index.php?rest_route=\/wp\/v2\/types\/post"}],"author":[{"embeddable":true,"href":"https:\/\/www.dvgbund.de\/index.php?rest_route=\/wp\/v2\/users\/2"}],"replies":[{"embeddable":true,"href":"https:\/\/www.dvgbund.de\/index.php?rest_route=%2Fwp%2Fv2%2Fcomments&post=1546"}],"version-history":[{"count":1,"href":"https:\/\/www.dvgbund.de\/index.php?rest_route=\/wp\/v2\/posts\/1546\/revisions"}],"predecessor-version":[{"id":1548,"href":"https:\/\/www.dvgbund.de\/index.php?rest_route=\/wp\/v2\/posts\/1546\/revisions\/1548"}],"wp:featuredmedia":[{"embeddable":true,"href":"https:\/\/www.dvgbund.de\/index.php?rest_route=\/wp\/v2\/media\/1547"}],"wp:attachment":[{"href":"https:\/\/www.dvgbund.de\/index.php?rest_route=%2Fwp%2Fv2%2Fmedia&parent=1546"}],"wp:term":[{"taxonomy":"category","embeddable":true,"href":"https:\/\/www.dvgbund.de\/index.php?rest_route=%2Fwp%2Fv2%2Fcategories&post=1546"},{"taxonomy":"post_tag","embeddable":true,"href":"https:\/\/www.dvgbund.de\/index.php?rest_route=%2Fwp%2Fv2%2Ftags&post=1546"}],"curies":[{"name":"wp","href":"https:\/\/api.w.org\/{rel}","templated":true}]}}