{"id":1549,"date":"2022-12-17T21:56:00","date_gmt":"2022-12-17T21:56:00","guid":{"rendered":"https:\/\/www.dvgbund.de\/?p=1549"},"modified":"2023-11-11T22:43:03","modified_gmt":"2023-11-11T22:43:03","slug":"seminar-der-dvg-beamtenrechtskommission-und-der-dvg-bundesfrauenvertretung","status":"publish","type":"post","link":"https:\/\/www.dvgbund.de\/?p=1549","title":{"rendered":"Seminar der DVG Beamtenrechtskommission und der DVG Bundesfrauenvertretung"},"content":{"rendered":"\n<p>Wir f\u00fchren als DVG Beamtenrechtskommission und DVG Bundesfrauenvertretung in Kooperation mit der dbb akademie vom <strong>Sonntag, den 26. M\u00e4rz 2023 bis Dienstag, den 28. M\u00e4rz 2023 i<\/strong>m Hotel Fulda Mitte, Lindenstra\u00dfe 45, 36037 Fulda, Fon: +49 661 8330-0, Fax: +49 661 8330-555, E-Mail: info@hotel-fulda-mitte.de durch.<br><\/p>\n\n\n\n<p>Das Seminar wird mit dem Thema Verwaltung 4.0 &#8211; Fit f\u00fcr die Zukunft durchgef\u00fchrt. <\/p>\n\n\n\n<p>Folgende Inhalte sind bisher geplant, \u00c4nderungen behalten wir uns ausdr\u00fccklich vor.<\/p>\n\n\n\n<p><strong>Verwaltung im Wandel. Digitalisierung und ihre Auswirkungen<\/strong><br>\u2022 Begriff\/e<br>\u2022 Auswirkungen und Anforderungen<br>\u2022 Digitale Gesundheit und Gesundheitsmanagement<br>\u2022 Vereinbarkeit mit konkurrierenden Bed\u00fcrfnissen z. B. Familie, Life Balance \u2026<br>\u2022 Auswirkungen auf Personalentwicklung, Personalauswahl und Aus-Fortbildung<br>\u2022 L\u00e4ngeres Arbeiten \u2013 aber wie?<br>\u2022 F\u00fchren, aber wie?<br>\u2022 Arbeit der Zukunft<br>\u2022 Facetten der Globalisierung<br>\u2022 Neue Konzepte der Arbeitsgestaltung und Arbeitsmodelle der Zukunft<br><\/p>\n\n\n\n<p><strong>Frauen und Arbeit<\/strong><br>\u2022 Vereinbarkeit Beruf und Familie<br>\u2022 Ber\u00fccksichtigung spezifischer Bed\u00fcrfnisse<br><\/p>\n\n\n\n<p><strong>Von der Digitalisierung zur KI<\/strong><br>\u2022 Handlungsbedarf ist vorhanden?!<br>\u2022 Was ist KI genau?<br>\u2022 Kollege Maschine<\/p>\n\n\n\n<p>Wir bitten, um Anmeldung mittels des beiliegenden Anmeldeformulars bis zum Freitag, den 13. Januar 2023.<\/p>\n\n\n\n<p><a href=\"https:\/\/www.dbbakademie.de\/seminare\/seminar\/verwaltung-40-fit-fuer-die-zukunft-63001\/\">https:\/\/www.dbbakademie.de\/seminare\/seminar\/verwaltung-40-fit-fuer-die-zukunft-63001\/<\/a><\/p>\n\n\n\n<p>Der Anmeldevordruck kann am PC ausgef\u00fcllt werden.<\/p>\n\n\n\n<div data-wp-interactive=\"core\/file\" class=\"wp-block-file\"><object data-wp-bind--hidden=\"!state.hasPdfPreview\" hidden class=\"wp-block-file__embed\" data=\"https:\/\/www.dvgbund.de\/wp-content\/uploads\/2023\/01\/2023-B052-CH-Anmeldeformular-Seminar-DVG-BeaRK-und-BFV-2023-03-26-28-1.pdf\" type=\"application\/pdf\" style=\"width:100%;height:600px\" aria-label=\"Einbettung von 2023-B052-CH-Anmeldeformular-Seminar-DVG-BeaRK-und-BFV-2023-03-26-28-1.\"><\/object><a id=\"wp-block-file--media-bce16399-921d-4712-8065-8b1bb8bf6866\" href=\"https:\/\/www.dvgbund.de\/wp-content\/uploads\/2023\/01\/2023-B052-CH-Anmeldeformular-Seminar-DVG-BeaRK-und-BFV-2023-03-26-28-1.pdf\">2023-B052-CH-Anmeldeformular-Seminar-DVG-BeaRK-und-BFV-2023-03-26-28-1<\/a><a href=\"https:\/\/www.dvgbund.de\/wp-content\/uploads\/2023\/01\/2023-B052-CH-Anmeldeformular-Seminar-DVG-BeaRK-und-BFV-2023-03-26-28-1.pdf\" class=\"wp-block-file__button wp-element-button\" download aria-describedby=\"wp-block-file--media-bce16399-921d-4712-8065-8b1bb8bf6866\">Herunterladen<\/a><\/div>\n","protected":false},"excerpt":{"rendered":"<p>Wir f\u00fchren als DVG Beamtenrechtskommission und DVG Bundesfrauenvertretung in Kooperation mit der dbb akademie vom Sonntag, den 26. M\u00e4rz 2023 bis Dienstag, den 28. M\u00e4rz 2023 im Hotel Fulda Mitte, Lindenstra\u00dfe 45, 36037 Fulda, Fon: +49 661 8330-0, Fax: +49 661 8330-555, E-Mail: info@hotel-fulda-mitte.de durch. Das Seminar wird mit dem Thema Verwaltung 4.0 &#8211; Fit &#8230; <a title=\"Seminar der DVG Beamtenrechtskommission und der DVG Bundesfrauenvertretung\" class=\"read-more\" href=\"https:\/\/www.dvgbund.de\/?p=1549\" aria-label=\"Mehr Informationen \u00fcber Seminar der DVG Beamtenrechtskommission und der DVG Bundesfrauenvertretung\">Weiterlesen<\/a><\/p>\n","protected":false},"author":2,"featured_media":0,"comment_status":"closed","ping_status":"closed","sticky":false,"template":"","format":"standard","meta":{"_mi_skip_tracking":false,"_monsterinsights_sitenote_active":false,"_monsterinsights_sitenote_note":"","_monsterinsights_sitenote_category":0,"footnotes":""},"categories":[13,9,3],"tags":[],"class_list":["post-1549","post","type-post","status-publish","format-standard","hentry","category-beamtenrechtskommission","category-bundesfrauenvertretung","category-neuigkeiten"],"aioseo_notices":[],"_links":{"self":[{"href":"https:\/\/www.dvgbund.de\/index.php?rest_route=\/wp\/v2\/posts\/1549","targetHints":{"allow":["GET"]}}],"collection":[{"href":"https:\/\/www.dvgbund.de\/index.php?rest_route=\/wp\/v2\/posts"}],"about":[{"href":"https:\/\/www.dvgbund.de\/index.php?rest_route=\/wp\/v2\/types\/post"}],"author":[{"embeddable":true,"href":"https:\/\/www.dvgbund.de\/index.php?rest_route=\/wp\/v2\/users\/2"}],"replies":[{"embeddable":true,"href":"https:\/\/www.dvgbund.de\/index.php?rest_route=%2Fwp%2Fv2%2Fcomments&post=1549"}],"version-history":[{"count":4,"href":"https:\/\/www.dvgbund.de\/index.php?rest_route=\/wp\/v2\/posts\/1549\/revisions"}],"predecessor-version":[{"id":1566,"href":"https:\/\/www.dvgbund.de\/index.php?rest_route=\/wp\/v2\/posts\/1549\/revisions\/1566"}],"wp:attachment":[{"href":"https:\/\/www.dvgbund.de\/index.php?rest_route=%2Fwp%2Fv2%2Fmedia&parent=1549"}],"wp:term":[{"taxonomy":"category","embeddable":true,"href":"https:\/\/www.dvgbund.de\/index.php?rest_route=%2Fwp%2Fv2%2Fcategories&post=1549"},{"taxonomy":"post_tag","embeddable":true,"href":"https:\/\/www.dvgbund.de\/index.php?rest_route=%2Fwp%2Fv2%2Ftags&post=1549"}],"curies":[{"name":"wp","href":"https:\/\/api.w.org\/{rel}","templated":true}]}}