{"id":1579,"date":"2023-04-15T21:04:09","date_gmt":"2023-04-15T21:04:09","guid":{"rendered":"https:\/\/www.dvgbund.de\/?p=1579"},"modified":"2023-10-29T14:40:34","modified_gmt":"2023-10-29T14:40:34","slug":"bundeshauptvorstand-tagte-in-fulda","status":"publish","type":"post","link":"https:\/\/www.dvgbund.de\/?p=1579","title":{"rendered":"Bundeshauptvorstand tagte in Fulda"},"content":{"rendered":"\n<h2 class=\"wp-block-heading\">Jahresthemen 2023 besprochen<\/h2>\n\n\n\n<p>Am 14. und 15. April 2023 tagte der Bundeshauptvorstand in Fulda. Im Mittelpunkt der Beratungen stand die thematische Festlegung f\u00fcr das Jahr 2023.<\/p>\n\n\n\n<p>Die DVG wird sich im laufenden Jahr unter anderem mit Fragen der Digitalisierung, dem Gendern und der zunehmenden psychischen und physischen Gewalt gegen Beh\u00f6rdenmitarbeitende befassen. Die DVG, als Fachgewerkschaft f\u00fcr die allgemeinen und innere Verwaltung in den L\u00e4ndern, wird ihr Profil weiter ausbauen.<\/p>\n\n\n\n<p>Diese Themen werden wir auch in unseren Seminaren behandeln. <\/p>\n\n\n\n<p>Im turnusm\u00e4\u00dfigen Gespr\u00e4ch mit der Vorsitzenden der St\u00e4ndigen Konferenz der Innenminister- und senatoren wird die DVG diese Themen auch einbringen. <\/p>\n","protected":false},"excerpt":{"rendered":"<p>Jahresthemen 2023 besprochen Am 14. und 15. April 2023 tagte der Bundeshauptvorstand in Fulda. Im Mittelpunkt der Beratungen stand die thematische Festlegung f\u00fcr das Jahr 2023. Die DVG wird sich im laufenden Jahr unter anderem mit Fragen der Digitalisierung, dem Gendern und der zunehmenden psychischen und physischen Gewalt gegen Beh\u00f6rdenmitarbeitende befassen. Die DVG, als Fachgewerkschaft &#8230; <a title=\"Bundeshauptvorstand tagte in Fulda\" class=\"read-more\" href=\"https:\/\/www.dvgbund.de\/?p=1579\" aria-label=\"Mehr Informationen \u00fcber Bundeshauptvorstand tagte in Fulda\">Weiterlesen<\/a><\/p>\n","protected":false},"author":2,"featured_media":1580,"comment_status":"closed","ping_status":"closed","sticky":false,"template":"","format":"standard","meta":{"_mi_skip_tracking":false,"_monsterinsights_sitenote_active":false,"_monsterinsights_sitenote_note":"","_monsterinsights_sitenote_category":0,"footnotes":""},"categories":[3],"tags":[],"class_list":["post-1579","post","type-post","status-publish","format-standard","has-post-thumbnail","hentry","category-neuigkeiten"],"aioseo_notices":[],"_links":{"self":[{"href":"https:\/\/www.dvgbund.de\/index.php?rest_route=\/wp\/v2\/posts\/1579","targetHints":{"allow":["GET"]}}],"collection":[{"href":"https:\/\/www.dvgbund.de\/index.php?rest_route=\/wp\/v2\/posts"}],"about":[{"href":"https:\/\/www.dvgbund.de\/index.php?rest_route=\/wp\/v2\/types\/post"}],"author":[{"embeddable":true,"href":"https:\/\/www.dvgbund.de\/index.php?rest_route=\/wp\/v2\/users\/2"}],"replies":[{"embeddable":true,"href":"https:\/\/www.dvgbund.de\/index.php?rest_route=%2Fwp%2Fv2%2Fcomments&post=1579"}],"version-history":[{"count":1,"href":"https:\/\/www.dvgbund.de\/index.php?rest_route=\/wp\/v2\/posts\/1579\/revisions"}],"predecessor-version":[{"id":1581,"href":"https:\/\/www.dvgbund.de\/index.php?rest_route=\/wp\/v2\/posts\/1579\/revisions\/1581"}],"wp:featuredmedia":[{"embeddable":true,"href":"https:\/\/www.dvgbund.de\/index.php?rest_route=\/wp\/v2\/media\/1580"}],"wp:attachment":[{"href":"https:\/\/www.dvgbund.de\/index.php?rest_route=%2Fwp%2Fv2%2Fmedia&parent=1579"}],"wp:term":[{"taxonomy":"category","embeddable":true,"href":"https:\/\/www.dvgbund.de\/index.php?rest_route=%2Fwp%2Fv2%2Fcategories&post=1579"},{"taxonomy":"post_tag","embeddable":true,"href":"https:\/\/www.dvgbund.de\/index.php?rest_route=%2Fwp%2Fv2%2Ftags&post=1579"}],"curies":[{"name":"wp","href":"https:\/\/api.w.org\/{rel}","templated":true}]}}