{"id":1582,"date":"2023-05-04T17:52:08","date_gmt":"2023-05-04T17:52:08","guid":{"rendered":"https:\/\/www.dvgbund.de\/?p=1582"},"modified":"2023-11-11T22:41:01","modified_gmt":"2023-11-11T22:41:01","slug":"dvg-unzufrieden-mit-dem-tarifabschluss-tvoed","status":"publish","type":"post","link":"https:\/\/www.dvgbund.de\/?p=1582","title":{"rendered":"DVG unzufrieden mit dem Tarifabschluss TV\u00f6D"},"content":{"rendered":"\n<p class=\"has-text-align-left\">\u201eDie Einmalzahlung eines Inflationsausgleichs ist nicht f\u00fcr eine nachhaltige Lohnerh\u00f6hung gedacht, sondern um einmalig die gestiegenen Heizkosten, Spritpreise und Lebenshaltungskosten abzufedern. Die Kolleginnen und Kollegen leiden genauso unter den gestiegenen Lebenshaltungskosten wie alle anderen auch. \u201eurteilt der Bundesvorsitzende der Deutschen Verwaltungs-Gewerkschaft Joachim Johannes \u00fcber das Tarifergebnis des TV\u00f6D. \u201eDer Sockelbetrag von 200\u20ac und die 5,5% ab M\u00e4rz n\u00e4chsten Jahres sind ein deutliches Plus im Geldbeutel unserer Mitglieder, aber nur f\u00fcr die 10 Monate bis zum Ablauf des Tarifvertrages. Bei einer Laufzeit von 01.01.2023 bis zum 31.12.2024 bedeutet es, dass f\u00fcr die ersten 14 Monate keine lineare Lohnerh\u00f6hung gezahlt wird. Somit auch keine Auswirkung auf die zuk\u00fcnftige Lohnentwicklung und Rente.\u201c Schon bei den Tarifverhandlungen zum TV-L wurde eine Einmalzahlung statt einer linearen Lohnerh\u00f6hung f\u00fcr 13 Monate vereinbart. Johannes bef\u00fcrchtet, dass bei zuk\u00fcnftigen Tarifverhandlungen Einmalzahlungen zum Standard werden k\u00f6nnten.<\/p>\n\n\n\n<p class=\"has-text-align-left\">Der Bundesvorsitzende Johannes findet den Schlichterspruch, der angenommen wurde, eine \u201esalomonische Entscheidung\u201c mit der beide Seiten \u201eleben m\u00fcssen\u201c. Zum jetzigen Zeitpunkt war einfach nicht mehr zu erreichen.<\/p>\n\n\n\n<p class=\"has-text-align-left\">Umso sch\u00e4ndlicher findet Joachim Johannes es von verschiedenen Kommunen, ihre finanzielle Schieflage jetzt so aussehen zu lassen, dass die Mitarbeiter bei Bund und Kommunen f\u00fcr zuk\u00fcnftige Steuererh\u00f6hungen verantwortlich seien. \u201eDass die Kommunen klamm sind liegt nicht an den Kolleginnen und Kollegen, die jeden Tag ihre Arbeit, zum Teil unter katastrophalen Umst\u00e4nden und unter Bedrohung und \u00dcbergriffen, verrichten. F\u00fcr die finanzielle Situation der Arbeitgeber k\u00f6nnen wir nichts, das ist hausgemacht! Im Schwarzbuch des Steuerzahlerbundes kann man sich gerne dar\u00fcber informieren, wie viel Geld verschwendet wird. Von diesem Geld k\u00f6nnte der jetzige Tarifabschluss locker bezahlt werden, ohne die B\u00fcrgerinnen und B\u00fcrger zu belasten\u201c geht der Bundesvorsitzende mit solchen \u00c4u\u00dferungen hart ins Gericht.<\/p>\n","protected":false},"excerpt":{"rendered":"<p>\u201eDie Einmalzahlung eines Inflationsausgleichs ist nicht f\u00fcr eine nachhaltige Lohnerh\u00f6hung gedacht, sondern um einmalig die gestiegenen Heizkosten, Spritpreise und Lebenshaltungskosten abzufedern. Die Kolleginnen und Kollegen leiden genauso unter den gestiegenen Lebenshaltungskosten wie alle anderen auch. \u201eurteilt der Bundesvorsitzende der Deutschen Verwaltungs-Gewerkschaft Joachim Johannes \u00fcber das Tarifergebnis des TV\u00f6D. \u201eDer Sockelbetrag von 200\u20ac und die 5,5% &#8230; <a title=\"DVG unzufrieden mit dem Tarifabschluss TV\u00f6D\" class=\"read-more\" href=\"https:\/\/www.dvgbund.de\/?p=1582\" aria-label=\"Mehr Informationen \u00fcber DVG unzufrieden mit dem Tarifabschluss TV\u00f6D\">Weiterlesen<\/a><\/p>\n","protected":false},"author":41,"featured_media":1589,"comment_status":"closed","ping_status":"closed","sticky":true,"template":"","format":"standard","meta":{"_mi_skip_tracking":false,"_monsterinsights_sitenote_active":false,"_monsterinsights_sitenote_note":"","_monsterinsights_sitenote_category":0,"footnotes":""},"categories":[3,10],"tags":[],"class_list":["post-1582","post","type-post","status-publish","format-standard","has-post-thumbnail","hentry","category-neuigkeiten","category-tarif"],"aioseo_notices":[],"_links":{"self":[{"href":"https:\/\/www.dvgbund.de\/index.php?rest_route=\/wp\/v2\/posts\/1582","targetHints":{"allow":["GET"]}}],"collection":[{"href":"https:\/\/www.dvgbund.de\/index.php?rest_route=\/wp\/v2\/posts"}],"about":[{"href":"https:\/\/www.dvgbund.de\/index.php?rest_route=\/wp\/v2\/types\/post"}],"author":[{"embeddable":true,"href":"https:\/\/www.dvgbund.de\/index.php?rest_route=\/wp\/v2\/users\/41"}],"replies":[{"embeddable":true,"href":"https:\/\/www.dvgbund.de\/index.php?rest_route=%2Fwp%2Fv2%2Fcomments&post=1582"}],"version-history":[{"count":2,"href":"https:\/\/www.dvgbund.de\/index.php?rest_route=\/wp\/v2\/posts\/1582\/revisions"}],"predecessor-version":[{"id":1590,"href":"https:\/\/www.dvgbund.de\/index.php?rest_route=\/wp\/v2\/posts\/1582\/revisions\/1590"}],"wp:featuredmedia":[{"embeddable":true,"href":"https:\/\/www.dvgbund.de\/index.php?rest_route=\/wp\/v2\/media\/1589"}],"wp:attachment":[{"href":"https:\/\/www.dvgbund.de\/index.php?rest_route=%2Fwp%2Fv2%2Fmedia&parent=1582"}],"wp:term":[{"taxonomy":"category","embeddable":true,"href":"https:\/\/www.dvgbund.de\/index.php?rest_route=%2Fwp%2Fv2%2Fcategories&post=1582"},{"taxonomy":"post_tag","embeddable":true,"href":"https:\/\/www.dvgbund.de\/index.php?rest_route=%2Fwp%2Fv2%2Ftags&post=1582"}],"curies":[{"name":"wp","href":"https:\/\/api.w.org\/{rel}","templated":true}]}}