{"id":1613,"date":"2023-06-05T20:53:17","date_gmt":"2023-06-05T20:53:17","guid":{"rendered":"https:\/\/www.dvgbund.de\/?p=1613"},"modified":"2023-10-29T14:40:02","modified_gmt":"2023-10-29T14:40:02","slug":"vdv-baden-wuerttemberg-jugend","status":"publish","type":"post","link":"https:\/\/www.dvgbund.de\/?p=1613","title":{"rendered":"VdV Baden-W\u00fcrttemberg Jugend:"},"content":{"rendered":"\n<p>Landesjugendtag der Jugend des dbb beamtenbund und tarifunion baden-w\u00fcrttemberg <\/p>\n\n\n\n<p><strong>Time to say goodbye\u2026und ein Hallo von den Neuen&#8230;<\/strong><\/p>\n\n\n\n<p>Am 26. Mai 2023 fand der Landesjugendtag der bbw-jugend bei der BBBank in Karlsruhe statt. Rund 80 Delegierte aus dem gesamten Land kamen zusammen, um die amtierende Landesjugendleitung zu verabschieden, eine neue Landesjugendleitung zu w\u00e4hlen und die Weichen der bbw-jugend f\u00fcr die n\u00e4chsten f\u00fcnf Jahre zu legen. Die Jugend des VdV war mit 10 Delegierten, inkl. der Bundesjugendleitung der DVG, bestehend aus Joachim Weschbach, Alina Weinberger und Nora Binus, vor Ort und konnte sich tatkr\u00e4ftig mit einbringen.<\/p>\n\n\n\n<p>Die Landesjugendleitung rund um unsere VdV-Mitglieder, Johanna Zeller als Vorsitzender und ihre Stellvertreterinnen Julia und Julia Mayer, sowie Andre Geiss und Philipp Weimann blickten auf ihre f\u00fcnfj\u00e4hrige Amtszeit zur\u00fcck. Gemeinsam konnte Vieles erreicht werden: Neue Strukturen und Formate wurden geschaffen, Kontakte mit Jungpolitikern aufgebaut, sowie mit den Kollegen aus den Nachbarbundesl\u00e4nder ausgetauscht. Zusammengefasst hat sich die bbw-jugend in den vergangenen Jahren ein gutes Standing auf der Gewerkschaftslandkarte erarbeitet. Auf dem Landesjugendtag wurden die genannten Amtstr\u00e4ger entlastet und unter gro\u00dfem Applaus verabschiedet.<\/p>\n\n\n\n<p>Neu gew\u00e4hlt wurde der Landesjugendleiter Joachim Weschbach und seine Stellvertreter Iris Bilek (Junge Polizei), Maximiliane B\u00fcrk (VdV), Maxi Schr\u00f6der (VdV) und Michael Schwind (DSTG). Herzlichen Gl\u00fcckwunsch zur Wahl und viel Erfolg f\u00fcr die kommende Amtszeit! Neben den Wahlen standen die Beratung und Beschlussfassung \u00fcber zahlreiche Antr\u00e4ge auf der Tagesordnung. Der VdV konnte mit \u00fcber 20 Antr\u00e4gen gestellten und angenommenen Antr\u00e4gen die Arbeit der n\u00e4chsten Jahre ma\u00dfgeblich mitgestalten. Inhaltlich wurden Antr\u00e4ge in den Themengebieten Besoldung und Versorgung, Aus- und Fortbildung und Ausstattung beschlossen.<\/p>\n\n\n\n<p>Ein Highlight des Landesjugendtags war die \u00d6ffentlichkeitsveranstaltung, bei der auch zahlreiche politische G\u00e4ste in den R\u00e4umlichkeiten der BBBank in Karlsruhe begr\u00fc\u00dft werden durften. So sprach der stv. Ministerpr\u00e4sident und Minister des Inneren, f\u00fcr Digitalisierung und Kommunen Thomas Strobl, Oberb\u00fcrgermeister Dr. Frank Mentrup sowie Finanzminister Dr. Danyal Bayaz (in Form einer Videobotschaft) zu den Delegierten und G\u00e4sten. Weitere Gru\u00dfworte kamen vom stv. Landesvorsitzenden des BBW beamtenbund und tarifunion Alexander Schmid sowie von der 1. stv. Vorsitzenden der dbb jugend Sandra Heisig. In allen wurde das Engagement des \u00f6ffentlichen Dienstes gelobt und die Wichtigkeit des \u00f6ffentlichen Dienstes f\u00fcr den Staat herausgestellt. Die bbw-jugend freute sich sehr \u00fcber die Teilnahme der Vertreter der jugendpolitischen Organisationen und Vertreter des BBW.<\/p>\n","protected":false},"excerpt":{"rendered":"<p>Landesjugendtag der Jugend des dbb beamtenbund und tarifunion baden-w\u00fcrttemberg Time to say goodbye\u2026und ein Hallo von den Neuen&#8230; Am 26. Mai 2023 fand der Landesjugendtag der bbw-jugend bei der BBBank in Karlsruhe statt. Rund 80 Delegierte aus dem gesamten Land kamen zusammen, um die amtierende Landesjugendleitung zu verabschieden, eine neue Landesjugendleitung zu w\u00e4hlen und die &#8230; <a title=\"VdV Baden-W\u00fcrttemberg Jugend:\" class=\"read-more\" href=\"https:\/\/www.dvgbund.de\/?p=1613\" aria-label=\"Mehr Informationen \u00fcber VdV Baden-W\u00fcrttemberg Jugend:\">Weiterlesen<\/a><\/p>\n","protected":false},"author":52,"featured_media":0,"comment_status":"closed","ping_status":"closed","sticky":false,"template":"","format":"standard","meta":{"_mi_skip_tracking":false,"_monsterinsights_sitenote_active":false,"_monsterinsights_sitenote_note":"","_monsterinsights_sitenote_category":0,"footnotes":""},"categories":[11],"tags":[],"class_list":["post-1613","post","type-post","status-publish","format-standard","hentry","category-jugend"],"aioseo_notices":[],"_links":{"self":[{"href":"https:\/\/www.dvgbund.de\/index.php?rest_route=\/wp\/v2\/posts\/1613","targetHints":{"allow":["GET"]}}],"collection":[{"href":"https:\/\/www.dvgbund.de\/index.php?rest_route=\/wp\/v2\/posts"}],"about":[{"href":"https:\/\/www.dvgbund.de\/index.php?rest_route=\/wp\/v2\/types\/post"}],"author":[{"embeddable":true,"href":"https:\/\/www.dvgbund.de\/index.php?rest_route=\/wp\/v2\/users\/52"}],"replies":[{"embeddable":true,"href":"https:\/\/www.dvgbund.de\/index.php?rest_route=%2Fwp%2Fv2%2Fcomments&post=1613"}],"version-history":[{"count":1,"href":"https:\/\/www.dvgbund.de\/index.php?rest_route=\/wp\/v2\/posts\/1613\/revisions"}],"predecessor-version":[{"id":1614,"href":"https:\/\/www.dvgbund.de\/index.php?rest_route=\/wp\/v2\/posts\/1613\/revisions\/1614"}],"wp:attachment":[{"href":"https:\/\/www.dvgbund.de\/index.php?rest_route=%2Fwp%2Fv2%2Fmedia&parent=1613"}],"wp:term":[{"taxonomy":"category","embeddable":true,"href":"https:\/\/www.dvgbund.de\/index.php?rest_route=%2Fwp%2Fv2%2Fcategories&post=1613"},{"taxonomy":"post_tag","embeddable":true,"href":"https:\/\/www.dvgbund.de\/index.php?rest_route=%2Fwp%2Fv2%2Ftags&post=1613"}],"curies":[{"name":"wp","href":"https:\/\/api.w.org\/{rel}","templated":true}]}}