{"id":1666,"date":"2023-10-18T19:26:57","date_gmt":"2023-10-18T19:26:57","guid":{"rendered":"https:\/\/www.dvgbund.de\/?p=1666"},"modified":"2023-10-29T14:40:51","modified_gmt":"2023-10-29T14:40:51","slug":"dvg-auf-dem-bundesseniorenkongress-des-dbb","status":"publish","type":"post","link":"https:\/\/www.dvgbund.de\/?p=1666","title":{"rendered":"DVG auf dem Bundesseniorenkongress des dbb"},"content":{"rendered":"\n<p>Am 16. und 17. Oktober 2023 tagte in Berlin zum dritten Mal nach 2013 und 2018 das h\u00f6chste Gremium der Bundesseniorenvertretung des dbb (BSV), der Bundesseniorenkongress. Das Gremium tritt alle 5 Jahre zusammen. Auf dem Kongress waren 15 Landesb\u00fcnde und 30 dbb-Gewerkschaften durch 136 Delegierte vertreten. Aufgrund der Bedeutung der Veranstaltung waren viele Vertreterinnen und Vertreter aus der Politik und der mit dem dbb verbundenen Wirtschaft auf dem Bundesseniorenkongress erschienen.<\/p>\n\n\n\n<p>Der Bundesseniorenkongress hatte das Motto \u201eZukunft. &#8211; Mit uns. &#8211; F\u00fcr alle\u201c und sollte, auf eine Kurzformel gebracht, bedeuten, dass Seniorinnen und Senioren offen f\u00fcr die Zukunft sind und diese mitgestalten wollen zum Wohle der gesamten Gesellschaft.<\/p>\n\n\n\n<p>Neben den Wahlen der Gesch\u00e4ftsf\u00fchrung der BSV f\u00fcr die n\u00e4chsten f\u00fcnf Jahre wurden 148 Antr\u00e4ge f\u00fcr die k\u00fcnftige Arbeit der BSV beraten und verabschiedet. Inhaltlich besch\u00e4ftigten sich die Antr\u00e4ge neben gewerkschaftsrelevanten Themen mit der Sicherung der Alterseink\u00fcnfte, Pflege, altersgerechte Wohnm\u00f6glichkeiten und nicht zuletzt der gesellschaftlichen Teilhabe im Alter. Die zahlreichen Antr\u00e4ge der Bundesseniorenvertretung der DVG, die diese im Sommer 2023 erstellt hatte, wurden vom Kongress angenommen bzw. als Arbeitsmaterial f\u00fcr die k\u00fcnftige Arbeit der Bundesseniorenvertretung des dbb \u00fcbernommen.<\/p>\n\n\n\n<p>Die bisherige Gesch\u00e4ftsf\u00fchrung mit dem Vorsitzenden Dr. Horst G\u00fcnther Klitzing, dem zweiten Vorsitzenden Norbert L\u00fctke und der Stellvertreterin Anke Schwitzer und dem Stellvertreter Max Schindlbeck wurden best\u00e4tigt. Neu wurde Thomas Krupp in die Gesch\u00e4ftsf\u00fchrung gew\u00e4hlt. Zum Ehrenmitglied w\u00e4hlten die Delegierten den bisherigen stellvertretenden Vorsitzenden Klaus-Dieter Schulze, der in diesem Jahr nicht mehr kandidiert hatte.<\/p>\n\n\n\n<p>Bild: Die Mitglieder der DVG und die Gesch\u00e4ftsf\u00fchrung der Bundesseniorenvertretung auf dem 3. Bundesseniorenkongress des dbb am 16.\/17 Oktober 2023 in Berlin<\/p>\n\n\n\n<p>Foto: J\u00fcrgen Jitschin, DVG Bund<\/p>\n","protected":false},"excerpt":{"rendered":"<p>Am 16. und 17. Oktober 2023 tagte in Berlin zum dritten Mal nach 2013 und 2018 das h\u00f6chste Gremium der Bundesseniorenvertretung des dbb (BSV), der Bundesseniorenkongress. Das Gremium tritt alle 5 Jahre zusammen. Auf dem Kongress waren 15 Landesb\u00fcnde und 30 dbb-Gewerkschaften durch 136 Delegierte vertreten. Aufgrund der Bedeutung der Veranstaltung waren viele Vertreterinnen und &#8230; <a title=\"DVG auf dem Bundesseniorenkongress des dbb\" class=\"read-more\" href=\"https:\/\/www.dvgbund.de\/?p=1666\" aria-label=\"Mehr Informationen \u00fcber DVG auf dem Bundesseniorenkongress des dbb\">Weiterlesen<\/a><\/p>\n","protected":false},"author":31,"featured_media":1667,"comment_status":"closed","ping_status":"closed","sticky":false,"template":"","format":"standard","meta":{"_mi_skip_tracking":false,"_monsterinsights_sitenote_active":false,"_monsterinsights_sitenote_note":"","_monsterinsights_sitenote_category":0,"footnotes":""},"categories":[3,12],"tags":[],"class_list":["post-1666","post","type-post","status-publish","format-standard","has-post-thumbnail","hentry","category-neuigkeiten","category-senioren"],"aioseo_notices":[],"_links":{"self":[{"href":"https:\/\/www.dvgbund.de\/index.php?rest_route=\/wp\/v2\/posts\/1666","targetHints":{"allow":["GET"]}}],"collection":[{"href":"https:\/\/www.dvgbund.de\/index.php?rest_route=\/wp\/v2\/posts"}],"about":[{"href":"https:\/\/www.dvgbund.de\/index.php?rest_route=\/wp\/v2\/types\/post"}],"author":[{"embeddable":true,"href":"https:\/\/www.dvgbund.de\/index.php?rest_route=\/wp\/v2\/users\/31"}],"replies":[{"embeddable":true,"href":"https:\/\/www.dvgbund.de\/index.php?rest_route=%2Fwp%2Fv2%2Fcomments&post=1666"}],"version-history":[{"count":3,"href":"https:\/\/www.dvgbund.de\/index.php?rest_route=\/wp\/v2\/posts\/1666\/revisions"}],"predecessor-version":[{"id":1673,"href":"https:\/\/www.dvgbund.de\/index.php?rest_route=\/wp\/v2\/posts\/1666\/revisions\/1673"}],"wp:featuredmedia":[{"embeddable":true,"href":"https:\/\/www.dvgbund.de\/index.php?rest_route=\/wp\/v2\/media\/1667"}],"wp:attachment":[{"href":"https:\/\/www.dvgbund.de\/index.php?rest_route=%2Fwp%2Fv2%2Fmedia&parent=1666"}],"wp:term":[{"taxonomy":"category","embeddable":true,"href":"https:\/\/www.dvgbund.de\/index.php?rest_route=%2Fwp%2Fv2%2Fcategories&post=1666"},{"taxonomy":"post_tag","embeddable":true,"href":"https:\/\/www.dvgbund.de\/index.php?rest_route=%2Fwp%2Fv2%2Ftags&post=1666"}],"curies":[{"name":"wp","href":"https:\/\/api.w.org\/{rel}","templated":true}]}}